{"id":1287,"date":"2023-05-31T17:05:41","date_gmt":"2023-05-31T17:05:41","guid":{"rendered":"https:\/\/grupos.alacip.org\/legislativosen\/?p=1287"},"modified":"2023-05-31T17:05:43","modified_gmt":"2023-05-31T17:05:43","slug":"cafe-virtual-de-alacip-organizado-por-el-grupo-de-estudios-legislativos-en-america-latina-gel-organizacion-y-capacidades-legislativas-en-tiempos-dificiles-chile-brasil-y-peru-en-p","status":"publish","type":"post","link":"https:\/\/grupos.alacip.org\/legislativosen\/2023\/05\/31\/cafe-virtual-de-alacip-organizado-por-el-grupo-de-estudios-legislativos-en-america-latina-gel-organizacion-y-capacidades-legislativas-en-tiempos-dificiles-chile-brasil-y-peru-en-p\/","title":{"rendered":"Caf\u00e9 Virtual de ALACIP \u2013 Organizado por el Grupo de Estudios Legislativos en Am\u00e9rica Latina (GEL): \u00abOrganizaci\u00f3n y Capacidades Legislativas en Tiempos Dif\u00edciles: Chile, Brasil y Per\u00fa en perspectiva comparada\u00bb \u2013 Abril 2021"},"content":{"rendered":"\n<figure class=\"wp-block-image size-full\"><img loading=\"lazy\" decoding=\"async\" width=\"942\" height=\"786\" src=\"https:\/\/grupos.alacip.org\/legislativosen\/wp-content\/uploads\/sites\/5\/2023\/05\/Cafe-Virtual-Abril-2021.jpeg\" alt=\"\" class=\"wp-image-1288\" srcset=\"https:\/\/grupos.alacip.org\/legislativosen\/wp-content\/uploads\/sites\/5\/2023\/05\/Cafe-Virtual-Abril-2021.jpeg 942w, https:\/\/grupos.alacip.org\/legislativosen\/wp-content\/uploads\/sites\/5\/2023\/05\/Cafe-Virtual-Abril-2021-480x401.jpeg 480w\" sizes=\"(min-width: 0px) and (max-width: 480px) 480px, (min-width: 481px) 942px, 100vw\" \/><\/figure>\n\n\n\n<div style=\"height:100px\" aria-hidden=\"true\" class=\"wp-block-spacer\"><\/div>\n\n\n\n<p>Presentamos la cuarta edici\u00f3n del Caf\u00e9 Virtual de la\u00a0<strong>Asociaci\u00f3n Latinoamericana de Ciencia Pol\u00edtica<\/strong>\u00a0(<strong>ALACIP<\/strong>), este a\u00f1o los grupos de investigaci\u00f3n de ALACIP tendr\u00e1n a su cargo la organizaci\u00f3n de los Caf\u00e9s Virtuales, el\u00a0<strong>Grupo de Estudios de Legislativos de Am\u00e9rica Latina (GEL)<\/strong>\u00a0invita a conversar sobre \u00ab<strong><em>Organizaci\u00f3n y Capacidades Legislativas en Tiempos Dif\u00edciles: Chile, Brasil y Per\u00fa en perspectiva comparada<\/em><\/strong>\u00ab. Invitamos a las profesoras\u00a0<strong>Val\u00e9ria Palanza<\/strong>, de la Pontificia Universidad Cat\u00f3lica de Chile (PUC-CHI), coordinadora del GEL-ALACIP, a\u00a0<strong>Andr\u00e9a Freitas<\/strong>, de la Universidad Estatal de Campinas (UNICAMP) y a\u00a0<strong>Sergio Huertas<\/strong>, investigador del Doctorado, tambi\u00e9n de la PUC-Chile. El mediador del debate ser\u00e1\u00a0<strong>Juan Pablo Micozzi<\/strong>, del Instituto Tecnol\u00f3gico Aut\u00f3nomo de M\u00e9xico (ITAM-MEX) coordinador del GEL-ALACIP.<\/p>\n\n\n\n<div class=\"wp-block-buttons is-layout-flex wp-block-buttons-is-layout-flex\">\n<div class=\"wp-block-button\"><a class=\"wp-block-button__link wp-element-button\" href=\"https:\/\/www.youtube.com\/watch?v=_XGkYkadKLw\" target=\"_blank\" rel=\"noreferrer noopener\">Ver en Youtube<\/a><\/div>\n<\/div>\n","protected":false},"excerpt":{"rendered":"<p>Presentamos la cuarta edici\u00f3n del Caf\u00e9 Virtual de la\u00a0Asociaci\u00f3n Latinoamericana de Ciencia Pol\u00edtica\u00a0(ALACIP), este a\u00f1o los grupos de investigaci\u00f3n de ALACIP tendr\u00e1n a su cargo la organizaci\u00f3n de los Caf\u00e9s Virtuales, el\u00a0Grupo de Estudios de Legislativos de Am\u00e9rica Latina (GEL)\u00a0invita a conversar sobre \u00abOrganizaci\u00f3n y Capacidades Legislativas en Tiempos Dif\u00edciles: Chile, Brasil y Per\u00fa en [&hellip;]<\/p>\n","protected":false},"author":3,"featured_media":1288,"comment_status":"open","ping_status":"open","sticky":false,"template":"","format":"standard","meta":{"_et_pb_use_builder":"","_et_pb_old_content":"","_et_gb_content_width":"","footnotes":""},"categories":[3],"tags":[],"class_list":["post-1287","post","type-post","status-publish","format-standard","has-post-thumbnail","hentry","category-eventos"],"_links":{"self":[{"href":"https:\/\/grupos.alacip.org\/legislativosen\/wp-json\/wp\/v2\/posts\/1287","targetHints":{"allow":["GET"]}}],"collection":[{"href":"https:\/\/grupos.alacip.org\/legislativosen\/wp-json\/wp\/v2\/posts"}],"about":[{"href":"https:\/\/grupos.alacip.org\/legislativosen\/wp-json\/wp\/v2\/types\/post"}],"author":[{"embeddable":true,"href":"https:\/\/grupos.alacip.org\/legislativosen\/wp-json\/wp\/v2\/users\/3"}],"replies":[{"embeddable":true,"href":"https:\/\/grupos.alacip.org\/legislativosen\/wp-json\/wp\/v2\/comments?post=1287"}],"version-history":[{"count":1,"href":"https:\/\/grupos.alacip.org\/legislativosen\/wp-json\/wp\/v2\/posts\/1287\/revisions"}],"predecessor-version":[{"id":1289,"href":"https:\/\/grupos.alacip.org\/legislativosen\/wp-json\/wp\/v2\/posts\/1287\/revisions\/1289"}],"wp:featuredmedia":[{"embeddable":true,"href":"https:\/\/grupos.alacip.org\/legislativosen\/wp-json\/wp\/v2\/media\/1288"}],"wp:attachment":[{"href":"https:\/\/grupos.alacip.org\/legislativosen\/wp-json\/wp\/v2\/media?parent=1287"}],"wp:term":[{"taxonomy":"category","embeddable":true,"href":"https:\/\/grupos.alacip.org\/legislativosen\/wp-json\/wp\/v2\/categories?post=1287"},{"taxonomy":"post_tag","embeddable":true,"href":"https:\/\/grupos.alacip.org\/legislativosen\/wp-json\/wp\/v2\/tags?post=1287"}],"curies":[{"name":"wp","href":"https:\/\/api.w.org\/{rel}","templated":true}]}}