{"id":1283,"date":"2023-05-31T17:01:00","date_gmt":"2023-05-31T17:01:00","guid":{"rendered":"https:\/\/grupos.alacip.org\/legislativosen\/?p=1283"},"modified":"2023-05-31T17:01:03","modified_gmt":"2023-05-31T17:01:03","slug":"paneles-del-gel-alacip-en-el-27o-congreso-mundial-de-ciencia-politica-ipsa-buenos-aires","status":"publish","type":"post","link":"https:\/\/grupos.alacip.org\/legislativosen\/2023\/05\/31\/paneles-del-gel-alacip-en-el-27o-congreso-mundial-de-ciencia-politica-ipsa-buenos-aires\/","title":{"rendered":"Paneles del GEL-ALACIP en el 27\u00ba Congreso Mundial de Ciencia Pol\u00edtica, IPSA \u2013 Buenos Aires"},"content":{"rendered":"\n<figure class=\"wp-block-image size-large\"><img loading=\"lazy\" decoding=\"async\" width=\"1024\" height=\"341\" src=\"https:\/\/grupos.alacip.org\/legislativosen\/wp-content\/uploads\/sites\/5\/2023\/05\/Congreso-IPSA-1024x341.jpg\" alt=\"\" class=\"wp-image-1284\" srcset=\"https:\/\/grupos.alacip.org\/legislativosen\/wp-content\/uploads\/sites\/5\/2023\/05\/Congreso-IPSA-1024x341.jpg 1024w, https:\/\/grupos.alacip.org\/legislativosen\/wp-content\/uploads\/sites\/5\/2023\/05\/Congreso-IPSA-980x327.jpg 980w, https:\/\/grupos.alacip.org\/legislativosen\/wp-content\/uploads\/sites\/5\/2023\/05\/Congreso-IPSA-480x160.jpg 480w\" sizes=\"(min-width: 0px) and (max-width: 480px) 480px, (min-width: 481px) and (max-width: 980px) 980px, (min-width: 981px) 1024px, 100vw\" \/><\/figure>\n\n\n\n<div style=\"height:100px\" aria-hidden=\"true\" class=\"wp-block-spacer\"><\/div>\n\n\n\n<p>El Grupo de Investigaci\u00f3n de Estudios del Legislativo en Am\u00e9rica Latina ha organizado tres paneles en el 27\u00ba Congreso de IPSA, a continuaci\u00f3n los detalles de cada uno:<\/p>\n\n\n\n<ul class=\"wp-block-list\">\n<li><a href=\"https:\/\/wc2023.ipsa.org\/wc\/panel\/analisis-las-relaciones-entre-congresos-y-presidencias-en-america-latina\" target=\"_blank\" rel=\"noreferrer noopener\">An\u00e1lisis a las relaciones entre congresos y presidencias en Am\u00e9rica Latina<\/a>&nbsp;<\/li>\n\n\n\n<li><a href=\"https:\/\/wc2023.ipsa.org\/wc\/panel\/estudios-sobre-proceso-legislativo-en-america-latina\" target=\"_blank\" rel=\"noreferrer noopener\">Estudios sobre proceso legislativo en Am\u00e9rica Latina<\/a>&nbsp;<\/li>\n\n\n\n<li><a href=\"https:\/\/wc2023.ipsa.org\/wc\/panel\/discusion-y-analisis-de-las-legislaturas-de-america-latina\" target=\"_blank\" rel=\"noreferrer noopener\">Discusi\u00f3n y An\u00e1lisis de las Legislaturas de Am\u00e9rica Latina<\/a><\/li>\n<\/ul>\n","protected":false},"excerpt":{"rendered":"<p>El Grupo de Investigaci\u00f3n de Estudios del Legislativo en Am\u00e9rica Latina ha organizado tres paneles en el 27\u00ba Congreso de IPSA, a continuaci\u00f3n los detalles de cada uno:<\/p>\n","protected":false},"author":3,"featured_media":1284,"comment_status":"open","ping_status":"open","sticky":false,"template":"","format":"standard","meta":{"_et_pb_use_builder":"","_et_pb_old_content":"","_et_gb_content_width":"","footnotes":""},"categories":[3],"tags":[],"class_list":["post-1283","post","type-post","status-publish","format-standard","has-post-thumbnail","hentry","category-eventos"],"_links":{"self":[{"href":"https:\/\/grupos.alacip.org\/legislativosen\/wp-json\/wp\/v2\/posts\/1283","targetHints":{"allow":["GET"]}}],"collection":[{"href":"https:\/\/grupos.alacip.org\/legislativosen\/wp-json\/wp\/v2\/posts"}],"about":[{"href":"https:\/\/grupos.alacip.org\/legislativosen\/wp-json\/wp\/v2\/types\/post"}],"author":[{"embeddable":true,"href":"https:\/\/grupos.alacip.org\/legislativosen\/wp-json\/wp\/v2\/users\/3"}],"replies":[{"embeddable":true,"href":"https:\/\/grupos.alacip.org\/legislativosen\/wp-json\/wp\/v2\/comments?post=1283"}],"version-history":[{"count":1,"href":"https:\/\/grupos.alacip.org\/legislativosen\/wp-json\/wp\/v2\/posts\/1283\/revisions"}],"predecessor-version":[{"id":1286,"href":"https:\/\/grupos.alacip.org\/legislativosen\/wp-json\/wp\/v2\/posts\/1283\/revisions\/1286"}],"wp:featuredmedia":[{"embeddable":true,"href":"https:\/\/grupos.alacip.org\/legislativosen\/wp-json\/wp\/v2\/media\/1284"}],"wp:attachment":[{"href":"https:\/\/grupos.alacip.org\/legislativosen\/wp-json\/wp\/v2\/media?parent=1283"}],"wp:term":[{"taxonomy":"category","embeddable":true,"href":"https:\/\/grupos.alacip.org\/legislativosen\/wp-json\/wp\/v2\/categories?post=1283"},{"taxonomy":"post_tag","embeddable":true,"href":"https:\/\/grupos.alacip.org\/legislativosen\/wp-json\/wp\/v2\/tags?post=1283"}],"curies":[{"name":"wp","href":"https:\/\/api.w.org\/{rel}","templated":true}]}}