{"id":349,"date":"2022-02-24T18:43:52","date_gmt":"2022-02-24T18:43:52","guid":{"rendered":"https:\/\/gpsites.co\/scribe\/?p=349"},"modified":"2023-06-06T18:49:24","modified_gmt":"2023-06-06T18:49:24","slug":"convocatoria","status":"publish","type":"post","link":"https:\/\/grupos.alacip.org\/gppps\/2022\/02\/24\/convocatoria\/","title":{"rendered":"Convocatoria para participar de la mesa \u00abLuces y sombras de las pol\u00edticas sociales en Argentina: a 40 a\u00f1os del retorno de la democracia\u00bb de las XV Jornadas de Sociolog\u00eda de la UBA."},"content":{"rendered":"\n<p><a href=\"https:\/\/na01.safelinks.protection.outlook.com\/?url=http%3A%2F%2Fjornadasdesociologia.sociales.uba.ar%2F2023%2F05%2F12%2Fmesa-90-luces-y-sombras-de-las-politicas-sociales-en-argentina-a-40-anos-del-retorno-de-la-democracia%2F&amp;data=05%7C01%7C%7Ce11f45ac09c4467d494d08db608bf8ab%7C84df9e7fe9f640afb435aaaaaaaaaaaa%7C1%7C0%7C638209926534028286%7CUnknown%7CTWFpbGZsb3d8eyJWIjoiMC4wLjAwMDAiLCJQIjoiV2luMzIiLCJBTiI6Ik1haWwiLCJXVCI6Mn0%3D%7C3000%7C%7C%7C&amp;sdata=A6wuVxWNhzIakZOHxlYZ%2FCEoV1gi%2FcDLmjRNrOBI6kg%3D&amp;reserved=0\" target=\"_blank\" rel=\"noreferrer noopener\"><strong>Mesa 90&nbsp;|Luces y sombras de las pol\u00edticas sociales en Argentina: a 40 a\u00f1os del retorno de la democracia<\/strong><\/a><\/p>\n\n\n\n<p><strong>Eje 5: Estado y pol\u00edticas p\u00fablicas<\/strong><\/p>\n\n\n\n<figure class=\"wp-block-image size-full\"><img loading=\"lazy\" decoding=\"async\" width=\"675\" height=\"954\" src=\"https:\/\/grupos.alacip.org\/gppps\/wp-content\/uploads\/sites\/22\/2023\/06\/image.png\" alt=\"\" class=\"wp-image-1486\" srcset=\"https:\/\/grupos.alacip.org\/gppps\/wp-content\/uploads\/sites\/22\/2023\/06\/image.png 675w, https:\/\/grupos.alacip.org\/gppps\/wp-content\/uploads\/sites\/22\/2023\/06\/image-480x678.png 480w\" sizes=\"(min-width: 0px) and (max-width: 480px) 480px, (min-width: 481px) 675px, 100vw\" \/><\/figure>\n\n\n\n<p>La presente Mesa parte de asumir el papel categ\u00f3rico de las pol\u00edticas sociales en la constituci\u00f3n de lo social. Por un lado, intervienen directamente en las condiciones de vida y de reproducci\u00f3n de la vida de distintos sectores y grupos, en particular, en el momento de la distribuci\u00f3n secundaria del ingreso. Por otro, act\u00faan de manera indirecta en las condiciones de venta y uso de la fuerza de trabajo. Esto revela la compleja y basal vinculaci\u00f3n con otras pol\u00edticas como las econ\u00f3micas y laborales.<\/p>\n\n\n\n<p>La discusi\u00f3n e investigaci\u00f3n en torno a la tem\u00e1tica en Argentina asumi\u00f3 un renovado protagonismo conforme se desplegaba el proyecto neoliberal y bajo la operatoria de una aparente situaci\u00f3n paradojal: a medida que se desarmaba el Estado social y se institu\u00eda una formaci\u00f3n estatal restringida en t\u00e9rminos de ampliaci\u00f3n de derechos y reducci\u00f3n de las desigualdades, las pol\u00edticas sociales mutaron su estatus y prevalencia. Objeto de inter\u00e9s p\u00fablico y acad\u00e9mico bajo aquellas condiciones hist\u00f3rico-pol\u00edticas tambi\u00e9n concit\u00f3 esfuerzos por redefinir su centralidad en el marco de las acciones estatales. Esto aconteci\u00f3 concomitantemente a los procesos que la literatura denomin\u00f3 como de consolidaci\u00f3n de la democracia.<\/p>\n\n\n\n<p>En este marco, se convoca en el marco de la XV Jornadas de la carrera de Sociolog\u00eda de la UBA a presentar ponencias sobre investigaciones actuales y en perspectiva hist\u00f3rica que reflexionen sobre las transformaciones de la pol\u00edtica social en Argentina como objeto de estudio y como campo de indagaci\u00f3n cient\u00edfica, bajo los siguientes ejes (no excluyentes):<\/p>\n\n\n\n<p><em>-Cuesti\u00f3n social y mutaciones de las pol\u00edticas sociales.<\/em><\/p>\n\n\n\n<p><em>-Orientaciones normativas, dise\u00f1os e implementaciones de pol\u00edticas concretas.<\/em><\/p>\n\n\n\n<p><em>-Discusiones sobre participaci\u00f3n de las pol\u00edticas en la definici\u00f3n de necesidades, satisfactores y sujetos leg\u00edtimos de intervenci\u00f3n.<\/em><\/p>\n\n\n\n<p><em>-Creaci\u00f3n de oferta de formativa, l\u00edneas de investigaci\u00f3n, publicaciones seminales y discursos expertos sobre la tem\u00e1tica.<\/em><\/p>\n\n\n\n<p><em>-Articulaciones con debate sobre r\u00e9gimen democr\u00e1tico.<\/em><\/p>\n\n\n\n<p><a href=\"https:\/\/na01.safelinks.protection.outlook.com\/?url=http%3A%2F%2Fjornadasdesociologia.sociales.uba.ar%2Fenvio-de-ponencias%2F&amp;data=05%7C01%7C%7Ce11f45ac09c4467d494d08db608bf8ab%7C84df9e7fe9f640afb435aaaaaaaaaaaa%7C1%7C0%7C638209926534184502%7CUnknown%7CTWFpbGZsb3d8eyJWIjoiMC4wLjAwMDAiLCJQIjoiV2luMzIiLCJBTiI6Ik1haWwiLCJXVCI6Mn0%3D%7C3000%7C%7C%7C&amp;sdata=zIDhoJSm3uERm9i5jKSkSef%2B4AA2D8WJOB1PsdQtx8A%3D&amp;reserved=0\" target=\"_blank\" rel=\"noreferrer noopener\"><strong>Env\u00edo de res\u00famenes hasta el 8\/06<\/strong><\/a><\/p>\n\n\n\n<p><\/p>\n\n\n\n<p><\/p>\n\n\n\n<p><\/p>\n","protected":false},"excerpt":{"rendered":"<p>Mesa 90&nbsp;|Luces y sombras de las pol\u00edticas sociales en Argentina: a 40 a\u00f1os del retorno de la democracia Eje 5: Estado y pol\u00edticas p\u00fablicas La presente Mesa parte de asumir el papel categ\u00f3rico de las pol\u00edticas sociales en la constituci\u00f3n de lo social. Por un lado, intervienen directamente en las condiciones de vida y de [&hellip;]<\/p>\n","protected":false},"author":1,"featured_media":1455,"comment_status":"closed","ping_status":"closed","sticky":false,"template":"","format":"standard","meta":{"_et_pb_use_builder":"","_et_pb_old_content":"","_et_gb_content_width":"","footnotes":""},"categories":[2],"tags":[],"class_list":["post-349","post","type-post","status-publish","format-standard","has-post-thumbnail","hentry","category-convocatoria"],"_links":{"self":[{"href":"https:\/\/grupos.alacip.org\/gppps\/wp-json\/wp\/v2\/posts\/349","targetHints":{"allow":["GET"]}}],"collection":[{"href":"https:\/\/grupos.alacip.org\/gppps\/wp-json\/wp\/v2\/posts"}],"about":[{"href":"https:\/\/grupos.alacip.org\/gppps\/wp-json\/wp\/v2\/types\/post"}],"author":[{"embeddable":true,"href":"https:\/\/grupos.alacip.org\/gppps\/wp-json\/wp\/v2\/users\/1"}],"replies":[{"embeddable":true,"href":"https:\/\/grupos.alacip.org\/gppps\/wp-json\/wp\/v2\/comments?post=349"}],"version-history":[{"count":6,"href":"https:\/\/grupos.alacip.org\/gppps\/wp-json\/wp\/v2\/posts\/349\/revisions"}],"predecessor-version":[{"id":1487,"href":"https:\/\/grupos.alacip.org\/gppps\/wp-json\/wp\/v2\/posts\/349\/revisions\/1487"}],"wp:featuredmedia":[{"embeddable":true,"href":"https:\/\/grupos.alacip.org\/gppps\/wp-json\/wp\/v2\/media\/1455"}],"wp:attachment":[{"href":"https:\/\/grupos.alacip.org\/gppps\/wp-json\/wp\/v2\/media?parent=349"}],"wp:term":[{"taxonomy":"category","embeddable":true,"href":"https:\/\/grupos.alacip.org\/gppps\/wp-json\/wp\/v2\/categories?post=349"},{"taxonomy":"post_tag","embeddable":true,"href":"https:\/\/grupos.alacip.org\/gppps\/wp-json\/wp\/v2\/tags?post=349"}],"curies":[{"name":"wp","href":"https:\/\/api.w.org\/{rel}","templated":true}]}}