{"id":346,"date":"2022-02-24T18:43:46","date_gmt":"2022-02-24T18:43:46","guid":{"rendered":"https:\/\/gpsites.co\/scribe\/?p=346"},"modified":"2023-03-10T12:18:38","modified_gmt":"2023-03-10T12:18:38","slug":"joven-publicacion-1","status":"publish","type":"post","link":"https:\/\/grupos.alacip.org\/gppps\/2022\/02\/24\/joven-publicacion-1\/","title":{"rendered":"\u201cProtecciones sociales en Am\u00e9rica Latina en tiempos de pandemia: miradas en torno a la capacidad acumulada de bienestar p\u00fablico\u201d"},"content":{"rendered":"\n<figure class=\"wp-block-image aligncenter size-full\"><img loading=\"lazy\" decoding=\"async\" width=\"859\" height=\"861\" src=\"https:\/\/grupos.alacip.org\/gppps\/wp-content\/uploads\/sites\/22\/2023\/03\/Libro-protecciones-sociales-en-AL.png\" alt=\"\" class=\"wp-image-1428\" srcset=\"https:\/\/grupos.alacip.org\/gppps\/wp-content\/uploads\/sites\/22\/2023\/03\/Libro-protecciones-sociales-en-AL.png 859w, https:\/\/grupos.alacip.org\/gppps\/wp-content\/uploads\/sites\/22\/2023\/03\/Libro-protecciones-sociales-en-AL-480x481.png 480w\" sizes=\"(min-width: 0px) and (max-width: 480px) 480px, (min-width: 481px) 859px, 100vw\" \/><\/figure>\n\n\n\n<p>Les anunciamos el lanzamiento del libro \u201cProtecciones sociales en Am\u00e9rica Latina en tiempos de pandemia: miradas en torno a la capacidad acumulada de bienestar p\u00fablico\u201d con contribuciones de Anal\u00eda Minteguiaga, Carlos Ruiz Encina, Carmen Midaglia, Diego S\u00e1nchez Ancochea, Eliana Lijterman, Gemma Ubasart Gonzalez, Jos\u00e9 Angelo Machado, Juliana Mart\u00ednez Franzoni, Marcelo Castillo, Nat\u00e1lia S\u00e1tyro, Sebasti\u00e1n Caviedes Hamuy sobre los casos de Argentina, Uruguay, Chile, Ecuador, Brasil, Costa Rica, Guatemala y El Salvador.<\/p>\n\n\n\n<p>Pueden descargar el libro gratuitamente en el enlace:<\/p>\n\n\n\n<div class=\"wp-block-buttons is-layout-flex wp-block-buttons-is-layout-flex\">\n<div class=\"wp-block-button\"><a class=\"wp-block-button__link wp-element-button\" href=\"https:\/\/www.editorialteseo.com\/archivos\/22663\/protecciones-sociales-en-america-latina-en-tiempos-de-pandemia\/\" target=\"_blank\" rel=\"noreferrer noopener\">descarga el libro<\/a><\/div>\n<\/div>\n","protected":false},"excerpt":{"rendered":"<p>Les anunciamos el lanzamiento del libro \u201cProtecciones sociales en Am\u00e9rica Latina en tiempos de pandemia: miradas en torno a la capacidad acumulada de bienestar p\u00fablico\u201d con contribuciones de Anal\u00eda Minteguiaga, Carlos Ruiz Encina, Carmen Midaglia, Diego S\u00e1nchez Ancochea, Eliana Lijterman, Gemma Ubasart Gonzalez, Jos\u00e9 Angelo Machado, Juliana Mart\u00ednez Franzoni, Marcelo Castillo, Nat\u00e1lia S\u00e1tyro, Sebasti\u00e1n Caviedes [&hellip;]<\/p>\n","protected":false},"author":1,"featured_media":1428,"comment_status":"closed","ping_status":"closed","sticky":false,"template":"","format":"standard","meta":{"_et_pb_use_builder":"","_et_pb_old_content":"","_et_gb_content_width":"","footnotes":""},"categories":[5],"tags":[],"class_list":["post-346","post","type-post","status-publish","format-standard","has-post-thumbnail","hentry","category-publicaciones"],"_links":{"self":[{"href":"https:\/\/grupos.alacip.org\/gppps\/wp-json\/wp\/v2\/posts\/346","targetHints":{"allow":["GET"]}}],"collection":[{"href":"https:\/\/grupos.alacip.org\/gppps\/wp-json\/wp\/v2\/posts"}],"about":[{"href":"https:\/\/grupos.alacip.org\/gppps\/wp-json\/wp\/v2\/types\/post"}],"author":[{"embeddable":true,"href":"https:\/\/grupos.alacip.org\/gppps\/wp-json\/wp\/v2\/users\/1"}],"replies":[{"embeddable":true,"href":"https:\/\/grupos.alacip.org\/gppps\/wp-json\/wp\/v2\/comments?post=346"}],"version-history":[{"count":3,"href":"https:\/\/grupos.alacip.org\/gppps\/wp-json\/wp\/v2\/posts\/346\/revisions"}],"predecessor-version":[{"id":1430,"href":"https:\/\/grupos.alacip.org\/gppps\/wp-json\/wp\/v2\/posts\/346\/revisions\/1430"}],"wp:featuredmedia":[{"embeddable":true,"href":"https:\/\/grupos.alacip.org\/gppps\/wp-json\/wp\/v2\/media\/1428"}],"wp:attachment":[{"href":"https:\/\/grupos.alacip.org\/gppps\/wp-json\/wp\/v2\/media?parent=346"}],"wp:term":[{"taxonomy":"category","embeddable":true,"href":"https:\/\/grupos.alacip.org\/gppps\/wp-json\/wp\/v2\/categories?post=346"},{"taxonomy":"post_tag","embeddable":true,"href":"https:\/\/grupos.alacip.org\/gppps\/wp-json\/wp\/v2\/tags?post=346"}],"curies":[{"name":"wp","href":"https:\/\/api.w.org\/{rel}","templated":true}]}}