{"id":1508,"date":"2023-06-07T12:44:51","date_gmt":"2023-06-07T12:44:51","guid":{"rendered":"https:\/\/grupos.alacip.org\/gppps\/?p=1508"},"modified":"2023-06-09T13:25:24","modified_gmt":"2023-06-09T13:25:24","slug":"el-gppps-lanza-el-libro-latin-american-social-policy-developments-in-the-twenty-first-century-bajo-el-sello-editorial-palgrave-macmillan-springer","status":"publish","type":"post","link":"https:\/\/grupos.alacip.org\/gppps\/2023\/06\/07\/el-gppps-lanza-el-libro-latin-american-social-policy-developments-in-the-twenty-first-century-bajo-el-sello-editorial-palgrave-macmillan-springer\/","title":{"rendered":"El GPPPS lanza el libro \u00abLatin American Social Policy Developments in the Twenty First Century\u00bb, bajo el sello editorial Palgrave Macmillan\/Springer"},"content":{"rendered":"\n<figure class=\"wp-block-image aligncenter size-large\"><img loading=\"lazy\" decoding=\"async\" width=\"725\" height=\"1024\" src=\"https:\/\/grupos.alacip.org\/gppps\/wp-content\/uploads\/sites\/22\/2023\/06\/Latin-American-Social-Policy-1-725x1024.jpg\" alt=\"\" class=\"wp-image-1511\" srcset=\"https:\/\/grupos.alacip.org\/gppps\/wp-content\/uploads\/sites\/22\/2023\/06\/Latin-American-Social-Policy-1-725x1024.jpg 725w, https:\/\/grupos.alacip.org\/gppps\/wp-content\/uploads\/sites\/22\/2023\/06\/Latin-American-Social-Policy-1-480x678.jpg 480w\" sizes=\"(min-width: 0px) and (max-width: 480px) 480px, (min-width: 481px) 725px, 100vw\" \/><\/figure>\n\n\n\n<p>El libro cont\u00f3 con la edici\u00f3n acad\u00e9mica de Nat\u00e1lia S\u00e1tyro, Carmen Midaglia y Eloisa del Pino. Entre los autores y autoras que participan a trav\u00e9s de diferentes cap\u00edtulos est\u00e1n, adem\u00e1s de las editoras, Gala Diaz Langou, Carlos Barba Solano, Enrique Valencia Lomel\u00ed, Anal\u00eda Minteguiaga, Gemma Ubasart-Gonz\u00e1lez, Armando Barrientos, Martin Powell, Gibr\u00e1n Cruz-Mart\u00ednez, Luis Vargas Faulbaum, Ricardo Vel\u00e1zquez Leyer, Guillermo Fuentes, Fabricio Carneiro, Mart\u00edn Freigedo, Simone Cecchini, Merike Blofield, Fernando Filgueira, Cecilia Giambruno, Juliana Mart\u00ednez Franzoni.<\/p>\n\n\n\n<div class=\"wp-block-buttons is-layout-flex wp-block-buttons-is-layout-flex\">\n<div class=\"wp-block-button\"><a class=\"wp-block-button__link wp-element-button\" href=\"https:\/\/www.palgrave.com\/gp\/book\/9783030612696#aboutBook\" target=\"_blank\" rel=\"noreferrer noopener\">Acceder al libro<\/a><\/div>\n<\/div>\n\n\n\n<p><\/p>\n","protected":false},"excerpt":{"rendered":"<p>El libro cont\u00f3 con la edici\u00f3n acad\u00e9mica de Nat\u00e1lia S\u00e1tyro, Carmen Midaglia y Eloisa del Pino. Entre los autores y autoras que participan a trav\u00e9s de diferentes cap\u00edtulos est\u00e1n, adem\u00e1s de las editoras, Gala Diaz Langou, Carlos Barba Solano, Enrique Valencia Lomel\u00ed, Anal\u00eda Minteguiaga, Gemma Ubasart-Gonz\u00e1lez, Armando Barrientos, Martin Powell, Gibr\u00e1n Cruz-Mart\u00ednez, Luis Vargas Faulbaum, [&hellip;]<\/p>\n","protected":false},"author":12,"featured_media":1511,"comment_status":"open","ping_status":"open","sticky":false,"template":"","format":"standard","meta":{"_et_pb_use_builder":"","_et_pb_old_content":"","_et_gb_content_width":"","footnotes":""},"categories":[5],"tags":[],"class_list":["post-1508","post","type-post","status-publish","format-standard","has-post-thumbnail","hentry","category-publicaciones"],"_links":{"self":[{"href":"https:\/\/grupos.alacip.org\/gppps\/wp-json\/wp\/v2\/posts\/1508","targetHints":{"allow":["GET"]}}],"collection":[{"href":"https:\/\/grupos.alacip.org\/gppps\/wp-json\/wp\/v2\/posts"}],"about":[{"href":"https:\/\/grupos.alacip.org\/gppps\/wp-json\/wp\/v2\/types\/post"}],"author":[{"embeddable":true,"href":"https:\/\/grupos.alacip.org\/gppps\/wp-json\/wp\/v2\/users\/12"}],"replies":[{"embeddable":true,"href":"https:\/\/grupos.alacip.org\/gppps\/wp-json\/wp\/v2\/comments?post=1508"}],"version-history":[{"count":2,"href":"https:\/\/grupos.alacip.org\/gppps\/wp-json\/wp\/v2\/posts\/1508\/revisions"}],"predecessor-version":[{"id":1517,"href":"https:\/\/grupos.alacip.org\/gppps\/wp-json\/wp\/v2\/posts\/1508\/revisions\/1517"}],"wp:featuredmedia":[{"embeddable":true,"href":"https:\/\/grupos.alacip.org\/gppps\/wp-json\/wp\/v2\/media\/1511"}],"wp:attachment":[{"href":"https:\/\/grupos.alacip.org\/gppps\/wp-json\/wp\/v2\/media?parent=1508"}],"wp:term":[{"taxonomy":"category","embeddable":true,"href":"https:\/\/grupos.alacip.org\/gppps\/wp-json\/wp\/v2\/categories?post=1508"},{"taxonomy":"post_tag","embeddable":true,"href":"https:\/\/grupos.alacip.org\/gppps\/wp-json\/wp\/v2\/tags?post=1508"}],"curies":[{"name":"wp","href":"https:\/\/api.w.org\/{rel}","templated":true}]}}