{"id":1471,"date":"2023-08-13T23:48:42","date_gmt":"2023-08-13T23:48:42","guid":{"rendered":"https:\/\/grupos.alacip.org\/elites\/?p=1471"},"modified":"2024-02-14T18:49:10","modified_gmt":"2024-02-14T18:49:10","slug":"proyecto-elites-locales-en-america-latina","status":"publish","type":"post","link":"https:\/\/grupos.alacip.org\/elites\/2023\/08\/13\/proyecto-elites-locales-en-america-latina\/","title":{"rendered":"PROYECTO \u00c9LITES LOCALES EN AM\u00c9RICA LATINA"},"content":{"rendered":"\n<figure class=\"wp-block-image size-full is-resized\"><img loading=\"lazy\" decoding=\"async\" width=\"300\" height=\"300\" src=\"https:\/\/grupos.alacip.org\/elites\/wp-content\/uploads\/sites\/15\/2023\/08\/elites-locales.jpg\" alt=\"\" class=\"wp-image-1475\" style=\"width:347px;height:347px\" srcset=\"https:\/\/grupos.alacip.org\/elites\/wp-content\/uploads\/sites\/15\/2023\/08\/elites-locales.jpg 300w, https:\/\/grupos.alacip.org\/elites\/wp-content\/uploads\/sites\/15\/2023\/08\/elites-locales-150x150.jpg 150w\" sizes=\"(max-width: 300px) 100vw, 300px\" \/><\/figure>\n\n\n\n<p>Es un grupo de profesoras y profesores investigadores de Universidades p\u00fablicas y privadas de los pa\u00edses de Am\u00e9rica Latina con inter\u00e9s en el estudio del poder legislativo y \u00e9lites pol\u00edticas para unirse al proyecto de investigaci\u00f3n sobre las actitudes y desempe\u00f1o de las \u201c\u00c9lites locales\u201d en las entidades federativas de M\u00e9xico y las demarcaciones territoriales locales en Am\u00e9rica Latina 2023-2024.<\/p>\n\n\n\n<p><strong><em>PROFESORES RESPONSABLES DEL PROYECTO:<\/em><\/strong><\/p>\n\n\n\n<p><strong>Dra. M\u00f3nica Monta\u00f1o Reyes Universidad de Guadalajara. M\u00e9xico.<\/strong><\/p>\n\n\n\n<p>Coordinaci\u00f3n general y de Jalisco<\/p>\n\n\n\n<p><br><strong>Dr. Ernesto Casas C\u00e1rdenas Universidad Aut\u00f3noma de Tamaulipas<\/strong><\/p>\n\n\n\n<p>Coordinaci\u00f3n en Tamaulipas<\/p>\n\n\n\n<p><strong>Dr. Omar de la Cruz Carrillo Universidad Aut\u00f3noma de Baja California<\/strong><\/p>\n\n\n\n<p>Coordinaci\u00f3n Baja California<\/p>\n\n\n\n<p><strong>Dra. Brisa Campos Aceves Universidad Aut\u00f3noma de Aguascalientes. M\u00e9xico.<\/strong><\/p>\n\n\n\n<p>Coordinaci\u00f3n Aguascalientes<\/p>\n\n\n\n<p><strong>Dr. Francisco Urciaga Universidad Aut\u00f3noma de Nayarit. M\u00e9xico.<\/strong><\/p>\n\n\n\n<p>Coordinaci\u00f3n Nayarit<\/p>\n\n\n\n<p><strong>Dr. H\u00e9ctor Guti\u00e9rrez Maga\u00f1a CIESAS Golfo. M\u00e9xico.<\/strong><\/p>\n\n\n\n<p>Coordinaci\u00f3n Colima<\/p>\n\n\n\n<p><strong>Dr. Luis Guillermo Vel\u00e1squez &#8211; Universidad San Carlos. Guatemala<\/strong><\/p>\n\n\n\n<p>Coordinaci\u00f3n Guatemala<\/p>\n\n\n\n<p><\/p>\n\n\n\n<p><\/p>\n\n\n\n<p><strong><em>Asistentes de investigaci\u00f3n (Profesores y estudiantes)<\/em><\/strong><\/p>\n\n\n\n<p><strong>Universidad de Guadalajara<\/strong><\/p>\n\n\n\n<p>Estudiantes Fernanda Serratos, Sara Miroslava Triano, Luz Garc\u00eda (Estudios Pol\u00edticos y Gobierno UdeG), Alba Uribe Garibay (Comunicaci\u00f3n P\u00fablica)<\/p>\n\n\n\n<p><strong>Universidad de Colima<\/strong><\/p>\n\n\n\n<p>Prof. Juan Carlos Alc\u00e1ntar, Estudiantes Mar\u00eda Fernanda Barrag\u00e1n Medina, Eira C\u00e1rdenas Jacobo, Daniela A. Venegas \u00c1valos, Ana Karina Contreras Mart\u00ednez, Perla Torres Verduzco, Regina De la Mora Vargas, Francisco Corona Pinto, Valentina Monta\u00f1o (Ciencias pol\u00edticas y Administraci\u00f3n P\u00fablica)<\/p>\n\n\n\n<p><strong>Universidad Aut\u00f3noma de Tamaulipas<\/strong><\/p>\n\n\n\n<p>Estudiante Sergio Daniel Coronado Cortez (Ciencias de la Comunicaci\u00f3n)<\/p>\n\n\n\n<p><strong>Universidad Aut\u00f3noma de Aguascalientes<\/strong><\/p>\n\n\n\n<p>Estudiantes Bernardo Gil Torralba, Rosario Escobedo Olmos (Ciencias Pol\u00edticas y Administraci\u00f3n P\u00fablica)<\/p>\n\n\n\n<p><strong>Universidad Aut\u00f3noma de Baja California<\/strong><\/p>\n\n\n\n<p>Prof. Sara Campos, estudiantes Bel\u00e9m Ana Luz Aguilar Arias, Gabriela Torres Ahumada, Guadalupe Alejandra Hern\u00e1ndez P\u00e9rez, Natanel Mart\u00ednez Pascual (Administraci\u00f3n P\u00fablica y Ciencias Pol\u00edticas)<\/p>\n\n\n\n<p><strong>Universidad Aut\u00f3noma de Nayarit<\/strong><\/p>\n\n\n\n<p>Estudiantes Carmen Cecilia Ram\u00edrez Ju\u00e1rez, Am\u00e9rica Esmeralda Maldonado Najar (Lic. en Ciencia Pol\u00edtica)<br><\/p>\n\n\n\n<p>RECOLECCI\u00d3N DE ENTREVISTAS A DIPUTADAS Y DIPUTADOS LOCALES: SEPTIEMBRE 2023-ENERO 2024<\/p>\n\n\n\n<p><\/p>\n","protected":false},"excerpt":{"rendered":"<p>Es un grupo de profesoras y profesores investigadores de Universidades p\u00fablicas y privadas de los pa\u00edses de Am\u00e9rica Latina con inter\u00e9s en el estudio del poder legislativo y \u00e9lites pol\u00edticas para unirse al proyecto de investigaci\u00f3n sobre las actitudes y desempe\u00f1o de las \u201c\u00c9lites locales\u201d en las entidades federativas de M\u00e9xico y las demarcaciones territoriales [&hellip;]<\/p>\n","protected":false},"author":36,"featured_media":0,"comment_status":"closed","ping_status":"closed","sticky":false,"template":"","format":"standard","meta":{"_et_pb_use_builder":"","_et_pb_old_content":"","_et_gb_content_width":"","footnotes":""},"categories":[1],"tags":[],"class_list":["post-1471","post","type-post","status-publish","format-standard","hentry","category-sin-categoria"],"_links":{"self":[{"href":"https:\/\/grupos.alacip.org\/elites\/wp-json\/wp\/v2\/posts\/1471","targetHints":{"allow":["GET"]}}],"collection":[{"href":"https:\/\/grupos.alacip.org\/elites\/wp-json\/wp\/v2\/posts"}],"about":[{"href":"https:\/\/grupos.alacip.org\/elites\/wp-json\/wp\/v2\/types\/post"}],"author":[{"embeddable":true,"href":"https:\/\/grupos.alacip.org\/elites\/wp-json\/wp\/v2\/users\/36"}],"replies":[{"embeddable":true,"href":"https:\/\/grupos.alacip.org\/elites\/wp-json\/wp\/v2\/comments?post=1471"}],"version-history":[{"count":9,"href":"https:\/\/grupos.alacip.org\/elites\/wp-json\/wp\/v2\/posts\/1471\/revisions"}],"predecessor-version":[{"id":1500,"href":"https:\/\/grupos.alacip.org\/elites\/wp-json\/wp\/v2\/posts\/1471\/revisions\/1500"}],"wp:attachment":[{"href":"https:\/\/grupos.alacip.org\/elites\/wp-json\/wp\/v2\/media?parent=1471"}],"wp:term":[{"taxonomy":"category","embeddable":true,"href":"https:\/\/grupos.alacip.org\/elites\/wp-json\/wp\/v2\/categories?post=1471"},{"taxonomy":"post_tag","embeddable":true,"href":"https:\/\/grupos.alacip.org\/elites\/wp-json\/wp\/v2\/tags?post=1471"}],"curies":[{"name":"wp","href":"https:\/\/api.w.org\/{rel}","templated":true}]}}